{"id":256,"date":"2015-05-18T23:24:56","date_gmt":"2015-05-18T23:24:56","guid":{"rendered":"http:\/\/www.motomercado.eu\/catalogos\/?p=256"},"modified":"2015-05-23T15:18:11","modified_gmt":"2015-05-23T15:18:11","slug":"motomercado-um-dos-importadores-oficiais-polaris","status":"publish","type":"post","link":"https:\/\/motomercado.pt\/catalogos\/motomercado-um-dos-importadores-oficiais-polaris\/","title":{"rendered":"MOTOMERCADO IMPORTADOR OFICIAL POLARIS"},"content":{"rendered":"<p>Motomercado um dos importadores Oficiais Polaris.<\/p>\n<p>Recentemente, a Polaris decidiu instalar na Europa v\u00e1rias estruturas, com o objectivo de aumentar a efic\u00e1cia dos servi\u00e7os que presta nesta \u00e1rea geogr\u00e1fica, com especial destaque para o centro log\u00edstico da B\u00e9lgica e uma nova f\u00e1brica de ve\u00edculos na Pol\u00f3nia.<\/p>\n<p>O centro log\u00edstico ser\u00e1 respons\u00e1vel pela distribui\u00e7\u00e3o de pe\u00e7as, acess\u00f3rios, vestu\u00e1rio , de todos os ve\u00edculos, com benef\u00edcios evidentes para os seus clientes. Esta altera\u00e7\u00e3o log\u00edstica, implicou igualmente modifica\u00e7\u00f5es ao n\u00edvel da estrutura comercial com a Polaris Espanha a assumir todo o mercado ib\u00e9rico.<\/p>\n<p>Dependendo desta estrutura ib\u00e9rica estar\u00e3o 5 distribuidores com a Motomercado a assumir toda a Margem Sul do Tejo, mais precisamente, os concelhos: Alc\u00e1cer do Sal, Alcochete, Almada, Barreiro, Gr\u00e2ndola, Moita, Montijo, Palmela, Santiago do Cac\u00e9m, Seixal, Sesimbra, Set\u00fabal e Sines.<\/p>\n<p>A Motomercado ir\u00e1 ainda, oferecer condi\u00e7\u00f5es especiais para oficinas e parceiros de neg\u00f3cio que pretendam explorar o neg\u00f3cio Polaris na \u00e1rea da sua responsabilidade.<\/p>\n<p>Mais informa\u00e7\u00f5es sobre a Motomercado em <a href=\"http:\/\/www.motomercado.pt\/\" target=\"_blank\">http:\/\/www.motomercado.pt<\/a>.<\/p>\n","protected":false},"excerpt":{"rendered":"<p>Motomercado um dos importadores Oficiais Polaris. Recentemente, a Polaris decidiu instalar na Europa v\u00e1rias estruturas, com o objectivo de aumentar a efic\u00e1cia dos servi\u00e7os que presta nesta \u00e1rea geogr\u00e1fica, com especial destaque para o centro log\u00edstico da B\u00e9lgica e uma nova f\u00e1brica de ve\u00edculos na Pol\u00f3nia. O centro log\u00edstico ser\u00e1 respons\u00e1vel pela distribui\u00e7\u00e3o de pe\u00e7as, [&hellip;]<\/p>\n","protected":false},"author":1,"featured_media":0,"comment_status":"closed","ping_status":"closed","sticky":false,"template":"","format":"standard","meta":{"jetpack_post_was_ever_published":false,"_jetpack_newsletter_access":"","_jetpack_dont_email_post_to_subs":false,"_jetpack_newsletter_tier_id":0,"_jetpack_memberships_contains_paywalled_content":false,"_jetpack_memberships_contains_paid_content":false,"footnotes":"","jetpack_publicize_message":"","jetpack_publicize_feature_enabled":true,"jetpack_social_post_already_shared":false,"jetpack_social_options":{"image_generator_settings":{"template":"highway","default_image_id":0,"font":"","enabled":false},"version":2}},"categories":[1],"tags":[],"class_list":["post-256","post","type-post","status-publish","format-standard","hentry","category-diversos"],"jetpack_publicize_connections":[],"jetpack_featured_media_url":"","jetpack_sharing_enabled":true,"jetpack_shortlink":"https:\/\/wp.me\/p9jlHF-48","jetpack_likes_enabled":true,"jetpack-related-posts":[],"_links":{"self":[{"href":"https:\/\/motomercado.pt\/catalogos\/wp-json\/wp\/v2\/posts\/256","targetHints":{"allow":["GET"]}}],"collection":[{"href":"https:\/\/motomercado.pt\/catalogos\/wp-json\/wp\/v2\/posts"}],"about":[{"href":"https:\/\/motomercado.pt\/catalogos\/wp-json\/wp\/v2\/types\/post"}],"author":[{"embeddable":true,"href":"https:\/\/motomercado.pt\/catalogos\/wp-json\/wp\/v2\/users\/1"}],"replies":[{"embeddable":true,"href":"https:\/\/motomercado.pt\/catalogos\/wp-json\/wp\/v2\/comments?post=256"}],"version-history":[{"count":0,"href":"https:\/\/motomercado.pt\/catalogos\/wp-json\/wp\/v2\/posts\/256\/revisions"}],"wp:attachment":[{"href":"https:\/\/motomercado.pt\/catalogos\/wp-json\/wp\/v2\/media?parent=256"}],"wp:term":[{"taxonomy":"category","embeddable":true,"href":"https:\/\/motomercado.pt\/catalogos\/wp-json\/wp\/v2\/categories?post=256"},{"taxonomy":"post_tag","embeddable":true,"href":"https:\/\/motomercado.pt\/catalogos\/wp-json\/wp\/v2\/tags?post=256"}],"curies":[{"name":"wp","href":"https:\/\/api.w.org\/{rel}","templated":true}]}}