{"id":3054,"date":"2019-11-05T13:10:25","date_gmt":"2019-11-05T13:10:25","guid":{"rendered":"http:\/\/www.motomercado.eu\/catalogos\/?p=3054"},"modified":"2019-11-05T13:10:27","modified_gmt":"2019-11-05T13:10:27","slug":"polaris-rzr-pro-xp-ultimate-eleito-veiculo-sema-powersports-do-ano","status":"publish","type":"post","link":"https:\/\/motomercado.pt\/catalogos\/polaris-rzr-pro-xp-ultimate-eleito-veiculo-sema-powersports-do-ano\/","title":{"rendered":"POLARIS RZR\u00ae PRO XP ULTIMATE ELEITO VE\u00cdCULO SEMA POWERSPORTS DO ANO"},"content":{"rendered":"\n<p>11\/04\/2019<\/p>\n\n\n\n<p>A SEMA, a principal feira autom\u00f3vel do mundo, anunciou hoje o novo Polaris RZR PRO XP Ultimate como o ve\u00edculo SEMA Powersports do ano.\u00a0Este \u00e9 o segundo ano consecutivo em que o Polaris RZR\u00ae vence este trof\u00e9u, o desempenho desportivo, o n\u00famero 1 em vendas do mundo, foi seleccionado e  homenageado pelos expositores da SEMA.\u00a0O Polaris RZR PRO XP Ultimate \u00e9 o melhor desempenho Side by Side  j\u00e1 feito, e \u00e9 a plataforma perfeita para  personaliza\u00e7\u00e3o.<\/p>\n\n\n\n<p>Este comunicado \u00e0 imprensa apresenta multim\u00e9dia.\u00a0Veja o comunicado completo aqui:\u00a0<a href=\"https:\/\/www.businesswire.com\/news\/home\/20191104006079\/en\/\">https:\/\/www.businesswire.com\/news\/home\/20191104006079\/en\/<\/a><\/p>\n\n\n\n<figure class=\"wp-block-image\"><img data-recalc-dims=\"1\" decoding=\"async\" src=\"https:\/\/i0.wp.com\/mms.businesswire.com\/media\/20191104006079\/en\/754393\/4\/RZR_PRO_XP_Ultimate.jpg?w=1170&#038;ssl=1\" alt=\"Polaris RZR PRO XP Ultimate (Foto: Business Wire)\"\/><\/figure>\n\n\n\n<p>Polaris RZR PRO XP Ultimate (Foto: Motomercado.pt )<\/p>\n\n\n\n<p>No ano passado, a SEMA estreou a categoria<strong> &#8216;Ve\u00edculo PowerSports  do ano&#8217;<\/strong> em resposta ao crescimento maci\u00e7o no segmento de desportos motorizados off road.\u00a0Os expositores da SEMA indicam e votam nas m\u00e1quinas mais personaliz\u00e1veis \u200b\u200bda categoria.\u00a0Demonstrando seu design vers\u00e1til e o forte relacionamento da empresa com os fabricantes do mercado de reposi\u00e7\u00e3o, a Polaris RZR varreu a categoria de pr\u00e9mios at\u00e9 agora com a vit\u00f3ria do <strong>PRO XP Ultimate<\/strong> em 2019, ap\u00f3s a vit\u00f3ria do <strong>Polaris RZR Turbo S<\/strong> em 2018.<\/p>\n\n\n\n<p>&#8220;<strong>O pr\u00eamio SEMA Powersports Vehicle of the Year <\/strong>\u00e9 um testemunho do dom\u00ednio absoluto da RZR e do enorme n\u00famero de seguidores na categoria de desportos motorizados e desempenho lado a lado&#8221;, disse Chris Musso, presidente da Off Road para Polaris.\u00a0\u201cQuem procura emo\u00e7\u00e3o e pilotos merecem a melhor m\u00e1quina e, com isso, a liberdade de personalizar suas m\u00e1quinas.\u00a0Seja com acess\u00f3rios RZR ou acess\u00f3rios de p\u00f3s-venda, o RZR \u00e9\u00a0<em>a<\/em>\u00a0plataforma de personaliza\u00e7\u00e3o perfeita e agradecemos aos membros da SEMA por reconhecerem isso. \u201d<\/p>\n\n\n\n<p>A plataforma <strong>RZR PRO XP<\/strong> eleva a ind\u00fastria a um n\u00edvel totalmente novo com a introdu\u00e7\u00e3o de uma nova gera\u00e7\u00e3o de desempenho <strong>Side by Side<\/strong> .\u00a0O <strong>PRO XP Ultimate<\/strong> apresenta tecnologia incompar\u00e1vel, incluindo suspens\u00e3o activa <strong>DYNAMIX 2.0<\/strong> e um sistema de navega\u00e7\u00e3o e entretimento<strong> RIDE COMMAND<\/strong> actualizado, formando uma conex\u00e3o incompar\u00e1vel entre o piloto e a m\u00e1quina.<\/p>\n\n\n\n<p>&#8220;Estamos empolgados em reconhecer o <strong>Polaris RZR PRO XP Ultimate<\/strong> com o pr\u00e9mio <strong>SEMA Powersports Vehicle of the Year<\/strong>&#8220;, disse o presidente e CEO da SEMA, Chris Kersting.\u00a0\u201cVotado pelos expositores da <strong>SEMA Show,<\/strong> o pr\u00e9mio reconhece a versatilidade do RZR e como ele pode ser modificado para atender \u00e0s necessidades exclusivas de um indiv\u00edduo.\u201d<\/p>\n\n\n\n<h2 class=\"wp-block-heading\"><a rel=\"noreferrer noopener\" href=\"http:\/\/pecaspolaris.com\/\" target=\"_blank\">Pre\u00e7os Ve\u00edculos Polaris<\/a><br><a rel=\"noreferrer noopener\" href=\"http:\/\/pecaspolaris.com\/\" target=\"_blank\">Pe\u00e7as Polaris Originais<\/a><br><a rel=\"noreferrer noopener\" href=\"http:\/\/pecaspolaris.com\/\" target=\"_blank\">Explorar Acess\u00f3rios Polaris e Roupa<\/a><\/h2>\n\n\n\n<p>.<\/p>\n\n\n\n<p><strong>Sobre a SEMA e o SEMA Show<\/strong><\/p>\n\n\n\n<p>The SEMA Show \u00e9 uma feira produzida pela Specialty Equipment Market Association (SEMA), uma associa\u00e7\u00e3o comercial sem fins lucrativos fundada em 1963. Desde que o primeiro SEMA Show estreou em 1967, o evento anual serviu como o principal local de encontro entre fabricantes e compradores. a ind\u00fastria de equipamentos especiais autom\u00f3vel.\u00a0Os produtos apresentados na SEMA Show incluem aqueles que aprimoram o estilo, a funcionalidade, o conforto, a conveni\u00eancia e a seguran\u00e7a de carros e cami\u00f5es.\u00a0Detalhes adicionais est\u00e3o dispon\u00edveis em\u00a0<a href=\"https:\/\/cts.businesswire.com\/ct\/CT?id=smartlink&amp;url=https%3A%2F%2Fclick.message.sema.org%2F%3Fqs%3Deb992cf63c994b1927f6019d383bb6e44db979599564cdaca2afec6fad5f92a4a3c353c2e7fd71f72f6a9be1a4732b03ec46cbe7d906fe7e&amp;esheet=52123199&amp;newsitemid=20191104006079&amp;lan=en-US&amp;anchor=www.SEMAShow.com&amp;index=6&amp;md5=d41772d1014d02b222946baec11b2f62\">www.SEMAShow.com<\/a>\u00a0ou\u00a0<a href=\"https:\/\/cts.businesswire.com\/ct\/CT?id=smartlink&amp;url=https%3A%2F%2Fclick.message.sema.org%2F%3Fqs%3Deb992cf63c994b19bde7734bcb359d395a55e82f7435368838f86b5638dd41e62df788c3473c6658bd636a9de365199a9791ba3631857cda&amp;esheet=52123199&amp;newsitemid=20191104006079&amp;lan=en-US&amp;anchor=www.sema.org&amp;index=7&amp;md5=7b22359c6f6a482c8263c8c6f1ee21d7\">www.sema.org<\/a>\u00a0, 909 \/ 396-0289<\/p>\n","protected":false},"excerpt":{"rendered":"<p>11\/04\/2019 A SEMA, a principal feira autom\u00f3vel do mundo, anunciou hoje o novo Polaris RZR PRO XP Ultimate como o ve\u00edculo SEMA Powersports do ano.\u00a0Este \u00e9 o segundo ano consecutivo em que o Polaris RZR\u00ae vence este trof\u00e9u, o desempenho desportivo, o n\u00famero 1 em vendas do mundo, foi seleccionado e homenageado pelos expositores da [&hellip;]<\/p>\n","protected":false},"author":1,"featured_media":3060,"comment_status":"closed","ping_status":"closed","sticky":false,"template":"","format":"standard","meta":{"jetpack_post_was_ever_published":false,"_jetpack_newsletter_access":"","_jetpack_dont_email_post_to_subs":false,"_jetpack_newsletter_tier_id":0,"_jetpack_memberships_contains_paywalled_content":false,"_jetpack_memberships_contains_paid_content":false,"footnotes":"","jetpack_publicize_message":"","jetpack_publicize_feature_enabled":true,"jetpack_social_post_already_shared":false,"jetpack_social_options":{"image_generator_settings":{"template":"highway","default_image_id":0,"font":"","enabled":false},"version":2}},"categories":[1,4],"tags":[],"class_list":["post-3054","post","type-post","status-publish","format-standard","has-post-thumbnail","hentry","category-diversos","category-polaris"],"jetpack_publicize_connections":[],"jetpack_featured_media_url":"https:\/\/i0.wp.com\/motomercado.pt\/catalogos\/wp-content\/uploads\/2019\/11\/RZR_PRO_XP_Ultimate.jpg?fit=480%2C270&ssl=1","jetpack_sharing_enabled":true,"jetpack_shortlink":"https:\/\/wp.me\/p9jlHF-Ng","jetpack_likes_enabled":true,"jetpack-related-posts":[],"_links":{"self":[{"href":"https:\/\/motomercado.pt\/catalogos\/wp-json\/wp\/v2\/posts\/3054","targetHints":{"allow":["GET"]}}],"collection":[{"href":"https:\/\/motomercado.pt\/catalogos\/wp-json\/wp\/v2\/posts"}],"about":[{"href":"https:\/\/motomercado.pt\/catalogos\/wp-json\/wp\/v2\/types\/post"}],"author":[{"embeddable":true,"href":"https:\/\/motomercado.pt\/catalogos\/wp-json\/wp\/v2\/users\/1"}],"replies":[{"embeddable":true,"href":"https:\/\/motomercado.pt\/catalogos\/wp-json\/wp\/v2\/comments?post=3054"}],"version-history":[{"count":0,"href":"https:\/\/motomercado.pt\/catalogos\/wp-json\/wp\/v2\/posts\/3054\/revisions"}],"wp:featuredmedia":[{"embeddable":true,"href":"https:\/\/motomercado.pt\/catalogos\/wp-json\/wp\/v2\/media\/3060"}],"wp:attachment":[{"href":"https:\/\/motomercado.pt\/catalogos\/wp-json\/wp\/v2\/media?parent=3054"}],"wp:term":[{"taxonomy":"category","embeddable":true,"href":"https:\/\/motomercado.pt\/catalogos\/wp-json\/wp\/v2\/categories?post=3054"},{"taxonomy":"post_tag","embeddable":true,"href":"https:\/\/motomercado.pt\/catalogos\/wp-json\/wp\/v2\/tags?post=3054"}],"curies":[{"name":"wp","href":"https:\/\/api.w.org\/{rel}","templated":true}]}}