{"id":655,"date":"2016-07-01T12:13:53","date_gmt":"2016-07-01T12:13:53","guid":{"rendered":"http:\/\/www.motomercado.eu\/catalogos\/?p=655"},"modified":"2016-07-01T12:13:53","modified_gmt":"2016-07-01T12:13:53","slug":"promocao-rzr-900-s-eu","status":"publish","type":"post","link":"https:\/\/motomercado.pt\/catalogos\/promocao-rzr-900-s-eu\/","title":{"rendered":"Promo\u00e7\u00e3o RZR 900 s EU"},"content":{"rendered":"<p><img data-recalc-dims=\"1\" loading=\"lazy\" decoding=\"async\" data-attachment-id=\"656\" data-permalink=\"https:\/\/motomercado.pt\/catalogos\/promocao-rzr-900-s-eu\/promo-rzr-900s\/\" data-orig-file=\"https:\/\/i0.wp.com\/motomercado.pt\/catalogos\/wp-content\/uploads\/2016\/07\/Promo-RZR-900s.png?fit=1810%2C1258&amp;ssl=1\" data-orig-size=\"1810,1258\" data-comments-opened=\"0\" data-image-meta=\"{&quot;aperture&quot;:&quot;0&quot;,&quot;credit&quot;:&quot;&quot;,&quot;camera&quot;:&quot;&quot;,&quot;caption&quot;:&quot;&quot;,&quot;created_timestamp&quot;:&quot;0&quot;,&quot;copyright&quot;:&quot;&quot;,&quot;focal_length&quot;:&quot;0&quot;,&quot;iso&quot;:&quot;0&quot;,&quot;shutter_speed&quot;:&quot;0&quot;,&quot;title&quot;:&quot;&quot;,&quot;orientation&quot;:&quot;0&quot;}\" data-image-title=\"Promo RZR 900s\" data-image-description=\"\" data-image-caption=\"\" data-large-file=\"https:\/\/i0.wp.com\/motomercado.pt\/catalogos\/wp-content\/uploads\/2016\/07\/Promo-RZR-900s.png?fit=1024%2C712&amp;ssl=1\" class=\"alignnone size-full wp-image-656\" src=\"https:\/\/i0.wp.com\/www.motomercado.eu\/catalogos\/wp-content\/uploads\/2016\/07\/Promo-RZR-900s.png?resize=1170%2C813\" alt=\"Promo RZR 900s\" width=\"1170\" height=\"813\" srcset=\"https:\/\/i0.wp.com\/motomercado.pt\/catalogos\/wp-content\/uploads\/2016\/07\/Promo-RZR-900s.png?w=1810&amp;ssl=1 1810w, https:\/\/i0.wp.com\/motomercado.pt\/catalogos\/wp-content\/uploads\/2016\/07\/Promo-RZR-900s.png?resize=300%2C209&amp;ssl=1 300w, https:\/\/i0.wp.com\/motomercado.pt\/catalogos\/wp-content\/uploads\/2016\/07\/Promo-RZR-900s.png?resize=768%2C534&amp;ssl=1 768w, https:\/\/i0.wp.com\/motomercado.pt\/catalogos\/wp-content\/uploads\/2016\/07\/Promo-RZR-900s.png?resize=1024%2C712&amp;ssl=1 1024w\" sizes=\"auto, (max-width: 1170px) 100vw, 1170px\" \/><\/p>\n<p>RZR 900 S EU \u00a0+ \u00a0Teto + protec\u00e7\u00f5es de farois + Vidro + \u00a0Documenta\u00e7\u00e3o<\/p>\n<p>Pre\u00e7o Chave na m\u00e3o 17500 euros promo\u00e7\u00e3o limitada ao Stock Existente<\/p>\n<p>Temos packs por medida contacte-nos<\/p>\n","protected":false},"excerpt":{"rendered":"<p>RZR 900 S EU \u00a0+ \u00a0Teto + protec\u00e7\u00f5es de farois + Vidro + \u00a0Documenta\u00e7\u00e3o Pre\u00e7o Chave na m\u00e3o 17500 euros promo\u00e7\u00e3o limitada ao Stock Existente Temos packs por medida contacte-nos<\/p>\n","protected":false},"author":1,"featured_media":0,"comment_status":"closed","ping_status":"closed","sticky":false,"template":"","format":"standard","meta":{"jetpack_post_was_ever_published":false,"_jetpack_newsletter_access":"","_jetpack_dont_email_post_to_subs":false,"_jetpack_newsletter_tier_id":0,"_jetpack_memberships_contains_paywalled_content":false,"_jetpack_memberships_contains_paid_content":false,"footnotes":"","jetpack_publicize_message":"","jetpack_publicize_feature_enabled":true,"jetpack_social_post_already_shared":false,"jetpack_social_options":{"image_generator_settings":{"template":"highway","default_image_id":0,"font":"","enabled":false},"version":2}},"categories":[28],"tags":[],"class_list":["post-655","post","type-post","status-publish","format-standard","hentry","category-campanhas"],"jetpack_publicize_connections":[],"jetpack_featured_media_url":"","jetpack_sharing_enabled":true,"jetpack_shortlink":"https:\/\/wp.me\/p9jlHF-az","jetpack_likes_enabled":true,"jetpack-related-posts":[],"_links":{"self":[{"href":"https:\/\/motomercado.pt\/catalogos\/wp-json\/wp\/v2\/posts\/655","targetHints":{"allow":["GET"]}}],"collection":[{"href":"https:\/\/motomercado.pt\/catalogos\/wp-json\/wp\/v2\/posts"}],"about":[{"href":"https:\/\/motomercado.pt\/catalogos\/wp-json\/wp\/v2\/types\/post"}],"author":[{"embeddable":true,"href":"https:\/\/motomercado.pt\/catalogos\/wp-json\/wp\/v2\/users\/1"}],"replies":[{"embeddable":true,"href":"https:\/\/motomercado.pt\/catalogos\/wp-json\/wp\/v2\/comments?post=655"}],"version-history":[{"count":0,"href":"https:\/\/motomercado.pt\/catalogos\/wp-json\/wp\/v2\/posts\/655\/revisions"}],"wp:attachment":[{"href":"https:\/\/motomercado.pt\/catalogos\/wp-json\/wp\/v2\/media?parent=655"}],"wp:term":[{"taxonomy":"category","embeddable":true,"href":"https:\/\/motomercado.pt\/catalogos\/wp-json\/wp\/v2\/categories?post=655"},{"taxonomy":"post_tag","embeddable":true,"href":"https:\/\/motomercado.pt\/catalogos\/wp-json\/wp\/v2\/tags?post=655"}],"curies":[{"name":"wp","href":"https:\/\/api.w.org\/{rel}","templated":true}]}}